{"id":164,"date":"2011-05-03T15:53:52","date_gmt":"2011-05-03T15:53:52","guid":{"rendered":"http:\/\/www.encontracapaoredondo.com.br\/noticias\/?p=164"},"modified":"2019-04-29T16:29:41","modified_gmt":"2019-04-29T19:29:41","slug":"tj-manda-prefeitura-abrir-vagas-em-creches-no-capao-redondo","status":"publish","type":"post","link":"https:\/\/www.encontracapaoredondo.com.br\/sobre\/tj-manda-prefeitura-abrir-vagas-em-creches-no-capao-redondo\/","title":{"rendered":"TJ manda Prefeitura abrir vagas em creches no Cap\u00e3o Redondo"},"content":{"rendered":"<div class=\"8fb9da09c1a584b185d8cf81e63b5046\" data-index=\"1\" style=\"float: none; margin:0px;\">\n<!-- Anuncio display - global -->\r\n<ins class=\"adsbygoogle\"\r\n     style=\"display:block\"\r\n     data-ad-client=\"ca-pub-8585364105181520\"\r\n     data-ad-slot=\"8789329856\"\r\n     data-ad-format=\"auto\"\r\n     data-full-width-responsive=\"true\"><\/ins>\r\n<script>\r\n     (adsbygoogle = window.adsbygoogle || []).push({});\r\n<\/script>\n<\/div>\n<div id=\"materia-letra\">\n<div>\n<div>\n<p>Por determina\u00e7\u00e3o da Justi\u00e7a, a  Prefeitura de S\u00e3o Paulo ter\u00e1 de abrir  62  mil vagas em creches e  pr\u00e9-escolas para crian\u00e7as de 0 a 5 anos. O  prazo  para que as vagas  sejam preenchidas \u00e9 de nove meses, de acordo  com a  assessoria de  imprensa do Tribunal de Justi\u00e7a de S\u00e3o Paulo. A  decis\u00e3o \u00e9  do juiz Iasin  Issa Ahmed, da Vara da Inf\u00e2ncia e Juventude do  Foro  Regional de Santo  Amaro. Ela foi publicada na sexta-feira (29).<\/p>\n<p>A Defensoria  P\u00fablica do Estado de S\u00e3o Paulo ingressou com a\u00e7\u00e3o civil   p\u00fablica contra a  Prefeitura requerendo a concess\u00e3o de liminar, para   sanar o d\u00e9ficit de  vagas relativas \u00e0s crian\u00e7as de 0 a 5 anos residentes   nos limites  territoriais de guia Santo Amaro, na regi\u00e3o Sul da capital. Caso a  Prefeitura n\u00e3o atenda as crian\u00e7as inscritas em cadastro, ter\u00e1 de pagar  multa di\u00e1ria de R$ 50 por cada uma delas.<\/p>\n<p>\u201cO  direito \u00e0 educa\u00e7\u00e3o, normatizado pelo artigo 6\u00ba da Constitui\u00e7\u00e3o    Federal, \u00e9 um direito social que se efetiva a cargo do Estado. A oferta    de creches e pr\u00e9-escolas deve ser permanente e em n\u00famero suficiente   para  permitir um fluxo capaz de atender a demanda, principalmente   daquelas  fam\u00edlias desprovidas de recursos financeiros para pagar uma   escola  particular\u201d, disse o juiz, em sua senten\u00e7a.<\/p>\n<p>A decis\u00e3o  tamb\u00e9m obriga o munic\u00edpio a fazer conv\u00eanios com  institui\u00e7\u00f5es  privadas  caso a rede p\u00fablica n\u00e3o tenha vagas suficientes  para atender \u00e0  demanda.  Em outubro de 2010, cerca de 60 mil crian\u00e7as  cadastradas  aguardavam  vagas na regi\u00e3o de Santo Amaro.<\/p>\n<p>A decis\u00e3o beneficia os bairros de Campo Limpo, Cap\u00e3o Redondo, Vila  Andrade, Jardim \u00c2ngela, Jardim S\u00e3o Luiz, Cidade Dutra, Graja\u00fa, Socorro,  Marsilac, Parelheiros, Cidade Ademar, Pedreira, bairro Jabaquara, guia Campo Belo, guia do bairro\u00a0 Cap\u00e3o Redondo,  Campo Grande e Santo Amaro.<\/p>\n<p>Segundo  o defensor p\u00fablico Fl\u00e1vio Frasseto, o ingresso de crian\u00e7as  no  ensino  infantil \u00e9 fundamental para um regular desenvolvimento  pedag\u00f3gico  e  pessoal. \u201cQuanto antes a crian\u00e7a for estimulada por  profissionais   qualificados, melhor ser\u00e1 seu aproveitamento nos anos  subsequentes,   sobretudo quando ela ingressar no ensino fundamental\u201d,  disse.<br \/>\n<em><br \/>\nFonte: G1<\/em><\/p>\n<\/div>\n<\/div>\n<\/div>\n\n<div style=\"font-size: 0px; height: 0px; line-height: 0px; margin: 0; padding: 0; clear: both;\"><\/div>","protected":false},"excerpt":{"rendered":"<p>Por determina\u00e7\u00e3o da Justi\u00e7a, a Prefeitura de S\u00e3o Paulo ter\u00e1 de abrir 62 mil vagas em creches e pr\u00e9-escolas para crian\u00e7as de 0 a 5 anos. O prazo para que as vagas sejam preenchidas \u00e9 de nove meses, de acordo com a assessoria de imprensa do Tribunal de Justi\u00e7a de S\u00e3o Paulo. A decis\u00e3o \u00e9 do juiz Iasin Issa Ahmed, da Vara da Inf\u00e2ncia e Juventude do Foro Regional de Santo Amaro. Ela foi publicada na sexta-feira (29). A Defensoria P\u00fablica do Estado de S\u00e3o Paulo ingressou com a\u00e7\u00e3o civil p\u00fablica contra a Prefeitura requerendo a concess\u00e3o de liminar, para <\/p>\n","protected":false},"author":1,"featured_media":0,"comment_status":"open","ping_status":"closed","sticky":false,"template":"","format":"standard","meta":{"footnotes":""},"categories":[6],"tags":[],"class_list":["post-164","post","type-post","status-publish","format-standard","hentry","category-noticias-no-capao-redondo"],"aioseo_notices":[],"_links":{"self":[{"href":"https:\/\/www.encontracapaoredondo.com.br\/sobre\/wp-json\/wp\/v2\/posts\/164","targetHints":{"allow":["GET"]}}],"collection":[{"href":"https:\/\/www.encontracapaoredondo.com.br\/sobre\/wp-json\/wp\/v2\/posts"}],"about":[{"href":"https:\/\/www.encontracapaoredondo.com.br\/sobre\/wp-json\/wp\/v2\/types\/post"}],"author":[{"embeddable":true,"href":"https:\/\/www.encontracapaoredondo.com.br\/sobre\/wp-json\/wp\/v2\/users\/1"}],"replies":[{"embeddable":true,"href":"https:\/\/www.encontracapaoredondo.com.br\/sobre\/wp-json\/wp\/v2\/comments?post=164"}],"version-history":[{"count":0,"href":"https:\/\/www.encontracapaoredondo.com.br\/sobre\/wp-json\/wp\/v2\/posts\/164\/revisions"}],"wp:attachment":[{"href":"https:\/\/www.encontracapaoredondo.com.br\/sobre\/wp-json\/wp\/v2\/media?parent=164"}],"wp:term":[{"taxonomy":"category","embeddable":true,"href":"https:\/\/www.encontracapaoredondo.com.br\/sobre\/wp-json\/wp\/v2\/categories?post=164"},{"taxonomy":"post_tag","embeddable":true,"href":"https:\/\/www.encontracapaoredondo.com.br\/sobre\/wp-json\/wp\/v2\/tags?post=164"}],"curies":[{"name":"wp","href":"https:\/\/api.w.org\/{rel}","templated":true}]}}