{"id":117,"date":"2011-03-17T16:32:56","date_gmt":"2011-03-17T16:32:56","guid":{"rendered":"http:\/\/www.encontracapaoredondo.com.br\/noticias\/?p=117"},"modified":"2019-04-29T16:29:42","modified_gmt":"2019-04-29T19:29:42","slug":"policiais-acusados-de-sequestrar-e-matar-jovem-no-capao-redondo-choram-e-negam-crimes-em-julgamento","status":"publish","type":"post","link":"https:\/\/www.encontracapaoredondo.com.br\/sobre\/policiais-acusados-de-sequestrar-e-matar-jovem-no-capao-redondo-choram-e-negam-crimes-em-julgamento\/","title":{"rendered":"Policiais acusados de sequestrar e matar jovem no Cap\u00e3o Redondo choram e negam crimes em julgamento"},"content":{"rendered":"<div class=\"8fb9da09c1a584b185d8cf81e63b5046\" data-index=\"1\" style=\"float: none; margin:0px;\">\n<!-- Anuncio display - global -->\r\n<ins class=\"adsbygoogle\"\r\n     style=\"display:block\"\r\n     data-ad-client=\"ca-pub-8585364105181520\"\r\n     data-ad-slot=\"8789329856\"\r\n     data-ad-format=\"auto\"\r\n     data-full-width-responsive=\"true\"><\/ins>\r\n<script>\r\n     (adsbygoogle = window.adsbygoogle || []).push({});\r\n<\/script>\n<\/div>\n<p>Os dois ex-PMs acusados de integrar um grupo de exterm\u00ednio conhecido  como &#8220;highlanders&#8221; choraram durante interrogat\u00f3rio no Tribunal de  Justi\u00e7a de Itapecerica da Serra na tarde desta quinta-feira (17) e  negaram ter cometido os crimes pelos quais s\u00e3o acusados. O j\u00fari de Jorge  Kazuo Takiguti e Jo\u00e3o Bernardo da Silva come\u00e7ou nesta manh\u00e3 e deve  terminar na noite desta quinta-feira.<\/p>\n<p>Segundo a Justi\u00e7a de S\u00e3o Paulo, os r\u00e9us culparam os outros tr\u00eas  policiais militares que tamb\u00e9m s\u00e3o acusados de participar do grupo de  exterm\u00ednio pelas mortes de Roberth Sandro Campos Gomes, de 19 anos, o  Maranh\u00e3o, e Roberto Aparecido Ferreira, de 20 anos, o Beb\u00ea.<\/p>\n<p>As v\u00edtimas teriam sido sequestradas pelos PMs no Cap\u00e3o Redondo, na zona  sul de S\u00e3o Paulo, na madrugada de 6 de maio de 2008. Os corpos dos dois  jovens foram encontrados decapitados em Itapecerica da Serra.<\/p>\n<p>Marcos Aur\u00e9lio Pereira Lima, Ronaldo dos Reis Santos e Rodolfo da Silva  Vieira ser\u00e3o julgados separadamente, pois a Justi\u00e7a decidiu desmembrar o  caso. O trio tamb\u00e9m \u00e9 acusado de participar dos assassinatos de  Ferreira e de Gomes. A data para o j\u00fari ainda n\u00e3o foi marcada.<\/p>\n<p>At\u00e9 a tarde desta quinta-feira (17) j\u00e1 haviam sido ouvidas tr\u00eas  testemunhas da acusa\u00e7\u00e3o e tr\u00eas da defesa, al\u00e9m dos dois r\u00e9us que foram  interrogados. Ap\u00f3s intervalo, seria dado in\u00edcio \u00e0 fala da promotoria e  da defesa. Cada um tem duas horas e meia para apresentar seus argumentos  ao j\u00fari popular. Com direito a r\u00e9plica e tr\u00e9plica, esta etapa do  julgamento pode durar at\u00e9 nove horas.<\/p>\n<p>O julgamento\u00a0de um dos tr\u00eas ex-PMs tamb\u00e9m acusado de integrar o grupo foi cancelado nesta quinta-feira (17). Segundo o TJ, a audi\u00eancia de Jonas Santos  Bento foi remarcada para novembro porque seu advogado n\u00e3o compareceu \u00e0  sess\u00e3o.<\/p>\n<p><strong>Acusa\u00e7\u00e3o<\/strong><\/p>\n<p>De acordo com Salmo Mohmari dos Santos Junior e Marcos de Matos,  promotores do Minist\u00e9rio P\u00fablico que ofereceram a den\u00fancia, os PMs  &#8220;agiram como justiceiros, em atividade t\u00edpica de grupo de exterm\u00ednio&#8221;.  Segundo a den\u00fancia, Gomes e Ferreira foram executados porque  supostamente estavam envolvidos com tr\u00e1fico de drogas.<\/p>\n<p>Os PMs foram presos no final de 2009 e levados para o pres\u00eddio militar  Rom\u00e3o Gomes Pinto, na zona norte da capital, onde permanecem at\u00e9 os dias  de hoje. Eles negam a autoria do crime.<\/p>\n<p><em>Fonte: R7<\/em><\/p>\n\n<div style=\"font-size: 0px; height: 0px; line-height: 0px; margin: 0; padding: 0; clear: both;\"><\/div>","protected":false},"excerpt":{"rendered":"<p>Os dois ex-PMs acusados de integrar um grupo de exterm\u00ednio conhecido como &#8220;highlanders&#8221; choraram durante interrogat\u00f3rio no Tribunal de Justi\u00e7a de Itapecerica da Serra na tarde desta quinta-feira (17) e negaram ter cometido os crimes pelos quais s\u00e3o acusados. O j\u00fari de Jorge Kazuo Takiguti e Jo\u00e3o Bernardo da Silva come\u00e7ou nesta manh\u00e3 e deve terminar na noite desta quinta-feira. Segundo a Justi\u00e7a de S\u00e3o Paulo, os r\u00e9us culparam os outros tr\u00eas policiais militares que tamb\u00e9m s\u00e3o acusados de participar do grupo de exterm\u00ednio pelas mortes de Roberth Sandro Campos Gomes, de 19 anos, o Maranh\u00e3o, e Roberto Aparecido Ferreira, <\/p>\n","protected":false},"author":1,"featured_media":0,"comment_status":"open","ping_status":"closed","sticky":false,"template":"","format":"standard","meta":{"footnotes":""},"categories":[6],"tags":[],"class_list":["post-117","post","type-post","status-publish","format-standard","hentry","category-noticias-no-capao-redondo"],"aioseo_notices":[],"_links":{"self":[{"href":"https:\/\/www.encontracapaoredondo.com.br\/sobre\/wp-json\/wp\/v2\/posts\/117","targetHints":{"allow":["GET"]}}],"collection":[{"href":"https:\/\/www.encontracapaoredondo.com.br\/sobre\/wp-json\/wp\/v2\/posts"}],"about":[{"href":"https:\/\/www.encontracapaoredondo.com.br\/sobre\/wp-json\/wp\/v2\/types\/post"}],"author":[{"embeddable":true,"href":"https:\/\/www.encontracapaoredondo.com.br\/sobre\/wp-json\/wp\/v2\/users\/1"}],"replies":[{"embeddable":true,"href":"https:\/\/www.encontracapaoredondo.com.br\/sobre\/wp-json\/wp\/v2\/comments?post=117"}],"version-history":[{"count":0,"href":"https:\/\/www.encontracapaoredondo.com.br\/sobre\/wp-json\/wp\/v2\/posts\/117\/revisions"}],"wp:attachment":[{"href":"https:\/\/www.encontracapaoredondo.com.br\/sobre\/wp-json\/wp\/v2\/media?parent=117"}],"wp:term":[{"taxonomy":"category","embeddable":true,"href":"https:\/\/www.encontracapaoredondo.com.br\/sobre\/wp-json\/wp\/v2\/categories?post=117"},{"taxonomy":"post_tag","embeddable":true,"href":"https:\/\/www.encontracapaoredondo.com.br\/sobre\/wp-json\/wp\/v2\/tags?post=117"}],"curies":[{"name":"wp","href":"https:\/\/api.w.org\/{rel}","templated":true}]}}