{"id":114,"date":"2011-03-16T16:31:31","date_gmt":"2011-03-16T16:31:31","guid":{"rendered":"http:\/\/www.encontracapaoredondo.com.br\/noticias\/?p=114"},"modified":"2019-04-29T16:29:43","modified_gmt":"2019-04-29T19:29:43","slug":"capao-redondo-ex-policial-militar-acusado-de-integrar-highlanders-tem-juri-remarcado","status":"publish","type":"post","link":"https:\/\/www.encontracapaoredondo.com.br\/sobre\/capao-redondo-ex-policial-militar-acusado-de-integrar-highlanders-tem-juri-remarcado\/","title":{"rendered":"Cap\u00e3o Redondo: Ex-policial militar acusado de integrar &#8216;highlanders&#8217; tem j\u00fari remarcado"},"content":{"rendered":"<div class=\"8fb9da09c1a584b185d8cf81e63b5046\" data-index=\"1\" style=\"float: none; margin:0px;\">\n<!-- Anuncio display - global -->\r\n<ins class=\"adsbygoogle\"\r\n     style=\"display:block\"\r\n     data-ad-client=\"ca-pub-8585364105181520\"\r\n     data-ad-slot=\"8789329856\"\r\n     data-ad-format=\"auto\"\r\n     data-full-width-responsive=\"true\"><\/ins>\r\n<script>\r\n     (adsbygoogle = window.adsbygoogle || []).push({});\r\n<\/script>\n<\/div>\n<p>Um dos tr\u00eas ex-PMs acusados de integrar um grupo de exterm\u00ednio  conhecido como &#8220;Os highlanders&#8221; n\u00e3o ser\u00e1 julgado\u00a0nesta quinta-feira  (17)\u00a0no Tribunal do J\u00fari em Itapecerica da Serra, na Grande S\u00e3o Paulo.  Segundo a Justi\u00e7a de S\u00e3o Paulo, o julgamento de Jonas Santos Bento foi  remarcado para novembro porque seu advogado n\u00e3o compareceu \u00e0 sess\u00e3o.<\/p>\n<p>O j\u00fari de Jorge Kazuo Takiguti e Jo\u00e3o Bernardo da Silva teve in\u00edcio  nesta manh\u00e3, por volta das 10h. At\u00e9 as 13h30 haviam sido ouvidas tr\u00eas  testemunhas de acusa\u00e7\u00e3o e tr\u00eas de defesa. No total, haver\u00e1 19  testemunhas: dez de acusa\u00e7\u00e3o e nove de defesa.<\/p>\n<p>Os tr\u00eas ex-PMs s\u00e3o acusados pelas mortes de Roberth Sandro Campos  Gomes, de 19 anos, o Maranh\u00e3o, e Roberto Aparecido Ferreira, de 20 anos,  o Beb\u00ea. As v\u00edtimas teriam sido sequestradas pelos PMs no Cap\u00e3o Redondo,  na zona sul de S\u00e3o Paulo, na madrugada de 6 de maio de 2008. Os corpos  dos dois jovens foram encontrados decapitados em Itapecerica da Serra.<\/p>\n<p>De acordo com os promotores do Minist\u00e9rio P\u00fablico (MP) Salmo Mohmari  dos Santos Junior e Marcos de Matos, que ofereceram a den\u00fancia, os PMs  &#8220;agiram como justiceiros, em atividade t\u00edpica de grupo de exterm\u00ednio&#8221;.  Segundo a den\u00fancia, Gomes e Ferreira foram executados porque  supostamente estavam envolvidos com tr\u00e1fico de drogas.<\/p>\n<p>Os PMs foram presos no final de 2009 e levados para o pres\u00eddio  militar Rom\u00e3o Gomes Pinto, na zona norte da capital, onde permanecem at\u00e9  os dias de hoje. Eles negam a autoria do crime.<\/p>\n<p>Outros tr\u00eas ex-PMs tamb\u00e9m acusados de integrar o grupo de exterm\u00ednio  (Marcos Aur\u00e9lio Pereira Lima, Ronaldo dos Reis Santos e Rodolfo da Silva  Vieira) ser\u00e3o julgados separadamente, pois a Justi\u00e7a decidiu desmembrar  o caso. O trio tamb\u00e9m \u00e9 acusado de participar dos assassinatos de  Ferreira e de Gomes. A data para o j\u00fari ainda n\u00e3o foi marcada.<\/p>\n<p><em>Fonte: R7<\/em><\/p>\n\n<div style=\"font-size: 0px; height: 0px; line-height: 0px; margin: 0; padding: 0; clear: both;\"><\/div>","protected":false},"excerpt":{"rendered":"<p>Um dos tr\u00eas ex-PMs acusados de integrar um grupo de exterm\u00ednio conhecido como &#8220;Os highlanders&#8221; n\u00e3o ser\u00e1 julgado\u00a0nesta quinta-feira (17)\u00a0no Tribunal do J\u00fari em Itapecerica da Serra, na Grande S\u00e3o Paulo. Segundo a Justi\u00e7a de S\u00e3o Paulo, o julgamento de Jonas Santos Bento foi remarcado para novembro porque seu advogado n\u00e3o compareceu \u00e0 sess\u00e3o. O j\u00fari de Jorge Kazuo Takiguti e Jo\u00e3o Bernardo da Silva teve in\u00edcio nesta manh\u00e3, por volta das 10h. At\u00e9 as 13h30 haviam sido ouvidas tr\u00eas testemunhas de acusa\u00e7\u00e3o e tr\u00eas de defesa. No total, haver\u00e1 19 testemunhas: dez de acusa\u00e7\u00e3o e nove de defesa. Os <\/p>\n","protected":false},"author":1,"featured_media":0,"comment_status":"open","ping_status":"closed","sticky":false,"template":"","format":"standard","meta":{"footnotes":""},"categories":[6],"tags":[],"class_list":["post-114","post","type-post","status-publish","format-standard","hentry","category-noticias-no-capao-redondo"],"aioseo_notices":[],"_links":{"self":[{"href":"https:\/\/www.encontracapaoredondo.com.br\/sobre\/wp-json\/wp\/v2\/posts\/114","targetHints":{"allow":["GET"]}}],"collection":[{"href":"https:\/\/www.encontracapaoredondo.com.br\/sobre\/wp-json\/wp\/v2\/posts"}],"about":[{"href":"https:\/\/www.encontracapaoredondo.com.br\/sobre\/wp-json\/wp\/v2\/types\/post"}],"author":[{"embeddable":true,"href":"https:\/\/www.encontracapaoredondo.com.br\/sobre\/wp-json\/wp\/v2\/users\/1"}],"replies":[{"embeddable":true,"href":"https:\/\/www.encontracapaoredondo.com.br\/sobre\/wp-json\/wp\/v2\/comments?post=114"}],"version-history":[{"count":0,"href":"https:\/\/www.encontracapaoredondo.com.br\/sobre\/wp-json\/wp\/v2\/posts\/114\/revisions"}],"wp:attachment":[{"href":"https:\/\/www.encontracapaoredondo.com.br\/sobre\/wp-json\/wp\/v2\/media?parent=114"}],"wp:term":[{"taxonomy":"category","embeddable":true,"href":"https:\/\/www.encontracapaoredondo.com.br\/sobre\/wp-json\/wp\/v2\/categories?post=114"},{"taxonomy":"post_tag","embeddable":true,"href":"https:\/\/www.encontracapaoredondo.com.br\/sobre\/wp-json\/wp\/v2\/tags?post=114"}],"curies":[{"name":"wp","href":"https:\/\/api.w.org\/{rel}","templated":true}]}}